{"id":37739,"date":"2024-07-19T07:56:58","date_gmt":"2024-07-19T07:56:58","guid":{"rendered":"https:\/\/arboricat.com\/?p=37739"},"modified":"2025-08-07T07:49:38","modified_gmt":"2025-08-07T07:49:38","slug":"aide-de-la-caf-pour-les-animaux","status":"publish","type":"post","link":"https:\/\/arboricat.com\/fr\/aide-de-la-caf-pour-les-animaux\/","title":{"rendered":"Aide de la CAF pour les animaux : info ou intox ?"},"content":{"rendered":"\t\t<div data-elementor-type=\"wp-post\" data-elementor-id=\"37739\" class=\"elementor elementor-37739\" data-elementor-post-type=\"post\">\n\t\t\t\t\t\t<section class=\"elementor-section elementor-top-section elementor-element elementor-element-b4cd791 elementor-section-boxed elementor-section-height-default elementor-section-height-default elementor-invisible\" data-id=\"b4cd791\" data-element_type=\"section\" data-e-type=\"section\" data-settings=\"{&quot;background_background&quot;:&quot;classic&quot;,&quot;animation&quot;:&quot;fadeIn&quot;}\">\r\n\t\t\t\t\t\t<div class=\"elementor-background-overlay\"><\/div>\r\n\t\t\t\r\n\t\t\t\t\t\t\t<div class=\"elementor-container elementor-column-gap-default\">\r\n\t\t\t\t\t\t\t\t\t\t\t<div class=\"elementor-column elementor-col-100 elementor-top-column elementor-element elementor-element-9cd58e2\" data-id=\"9cd58e2\" data-element_type=\"column\" data-e-type=\"column\">\r\n\t\t\t\t\t<div class=\"elementor-widget-wrap elementor-element-populated\">\r\n\t\t\t\t\t\t\t\t<div class=\"elementor-element elementor-element-8e30254 elementor-widget elementor-widget-heading\" data-id=\"8e30254\" data-element_type=\"widget\" data-e-type=\"widget\" data-widget_type=\"heading.default\">\n\t\t\t\t<div class=\"elementor-widget-container\">\n\t\t\t\t\t<h1 class=\"elementor-heading-title elementor-size-default\">Aide de la CAF pour les animaux : info ou intox ?<\/h1>\t\t\t\t<\/div>\n\t\t\t\t<\/div>\n\t\t\t\t<div class=\"elementor-element elementor-element-4325e4a elementor-widget-divider--view-line elementor-widget elementor-widget-divider\" data-id=\"4325e4a\" data-element_type=\"widget\" data-e-type=\"widget\" data-widget_type=\"divider.default\">\n\t\t\t\t<div class=\"elementor-widget-container\">\n\t\t\t\t\t\t\t<div class=\"elementor-divider\">\n\t\t\t<span class=\"elementor-divider-separator\">\n\t\t\t\t\t\t<\/span>\n\t\t<\/div>\n\t\t\t\t\t\t<\/div>\n\t\t\t\t<\/div>\n\t\t\t\t<div class=\"elementor-element elementor-element-e45c865 elementor-widget elementor-widget-text-editor\" data-id=\"e45c865\" data-element_type=\"widget\" data-e-type=\"widget\" data-widget_type=\"text-editor.default\">\n\t\t\t\t<div class=\"elementor-widget-container\">\n\t\t\t\t\t\t\t\t\t<p>Les animaux de compagnie occupent une place de plus en plus importante dans nos foyers, si bien qu\u2019ils sont souvent consid\u00e9r\u00e9s comme des membres \u00e0 part enti\u00e8re de la famille. Dans ce contexte, des rumeurs circulent r\u00e9guli\u00e8rement concernant des aides financi\u00e8res pour soutenir les propri\u00e9taires d\u2019animaux domestiques, attribu\u00e9es par des organismes tels que la CAF (Caisse d\u2019Allocations Familiales). Une question revient donc souvent : existe-t-il une aide de la CAF pour les foyers poss\u00e9dant des animaux ? <strong>La r\u00e9ponse est non<\/strong>. Cet article d\u00e9m\u00eale le vrai du faux et explique pourquoi cette id\u00e9e rel\u00e8ve de la rumeur.<\/p>\t\t\t\t\t\t\t\t<\/div>\n\t\t\t\t<\/div>\n\t\t\t\t\t<\/div>\r\n\t\t\t\t<\/div>\r\n\t\t\t\t\t<\/div>\r\n\t\t\t\t<\/section>\r\n\t\t\t\t<section class=\"elementor-section elementor-top-section elementor-element elementor-element-5bbd4fb elementor-section-boxed elementor-section-height-default elementor-section-height-default\" data-id=\"5bbd4fb\" data-element_type=\"section\" data-e-type=\"section\">\r\n\t\t\r\n\t\t\t\t\t\t\t<div class=\"elementor-container elementor-column-gap-default\">\r\n\t\t\t\t\t\t\t\t\t\t\t<div class=\"elementor-column elementor-col-100 elementor-top-column elementor-element elementor-element-f7d14cb\" data-id=\"f7d14cb\" data-element_type=\"column\" data-e-type=\"column\">\r\n\t\t\t\t\t<div class=\"elementor-widget-wrap elementor-element-populated\">\r\n\t\t\t\t\t\t\t\t<div class=\"elementor-element elementor-element-7bd0eba elementor-widget elementor-widget-spacer\" data-id=\"7bd0eba\" data-element_type=\"widget\" data-e-type=\"widget\" data-widget_type=\"spacer.default\">\n\t\t\t\t<div class=\"elementor-widget-container\">\n\t\t\t\t\t\t\t<div class=\"elementor-spacer\">\n\t\t\t<div class=\"elementor-spacer-inner\"><\/div>\n\t\t<\/div>\n\t\t\t\t\t\t<\/div>\n\t\t\t\t<\/div>\n\t\t\t\t\t<\/div>\r\n\t\t\t\t<\/div>\r\n\t\t\t\t\t<\/div>\r\n\t\t\t\t<\/section>\r\n\t\t\t\t<section class=\"elementor-section elementor-top-section elementor-element elementor-element-05cc49a elementor-section-boxed elementor-section-height-default elementor-section-height-default\" data-id=\"05cc49a\" data-element_type=\"section\" data-e-type=\"section\">\r\n\t\t\r\n\t\t\t\t\t\t\t<div class=\"elementor-container elementor-column-gap-default\">\r\n\t\t\t\t\t\t\t\t\t\t\t<div class=\"elementor-column elementor-col-100 elementor-top-column elementor-element elementor-element-24f40d9\" data-id=\"24f40d9\" data-element_type=\"column\" data-e-type=\"column\">\r\n\t\t\t\t\t<div class=\"elementor-widget-wrap elementor-element-populated\">\r\n\t\t\t\t\t\t\t\t<div class=\"elementor-element elementor-element-d50c6de elementor-widget elementor-widget-heading\" data-id=\"d50c6de\" data-element_type=\"widget\" data-e-type=\"widget\" data-widget_type=\"heading.default\">\n\t\t\t\t<div class=\"elementor-widget-container\">\n\t\t\t\t\t<h2 class=\"elementor-heading-title elementor-size-default\">Pourquoi cette rumeur sur une aide de la CAF pour les animaux ?<\/h2>\t\t\t\t<\/div>\n\t\t\t\t<\/div>\n\t\t\t\t\t<\/div>\r\n\t\t\t\t<\/div>\r\n\t\t\t\t\t<\/div>\r\n\t\t\t\t<\/section>\r\n\t\t\t\t<section class=\"elementor-section elementor-top-section elementor-element elementor-element-b94a8b2 elementor-section-boxed elementor-section-height-default elementor-section-height-default\" data-id=\"b94a8b2\" data-element_type=\"section\" data-e-type=\"section\">\r\n\t\t\r\n\t\t\t\t\t\t\t<div class=\"elementor-container elementor-column-gap-default\">\r\n\t\t\t\t\t\t\t\t\t\t\t<div class=\"elementor-column elementor-col-100 elementor-top-column elementor-element elementor-element-2f86b86\" data-id=\"2f86b86\" data-element_type=\"column\" data-e-type=\"column\">\r\n\t\t\t\t\t<div class=\"elementor-widget-wrap elementor-element-populated\">\r\n\t\t\t\t\t\t\t\t<div class=\"elementor-element elementor-element-d83c389 elementor-widget elementor-widget-text-editor\" data-id=\"d83c389\" data-element_type=\"widget\" data-e-type=\"widget\" data-widget_type=\"text-editor.default\">\n\t\t\t\t<div class=\"elementor-widget-container\">\n\t\t\t\t\t\t\t\t\t<p>L\u2019origine de cette rumeur semble remonter \u00e0 des discussions sur les r\u00e9seaux sociaux et \u00e0 des articles non v\u00e9rifi\u00e9s, amplifi\u00e9s par une l\u00e9gislation de 2015 qui a reconnu les animaux comme des \u00ab \u00eatres vivants dou\u00e9s de sensibilit\u00e9 \u00bb. Cette reconnaissance juridique, bien que fondamentale pour le bien-\u00eatre animal, n\u2019a cependant pas entra\u00een\u00e9 la cr\u00e9ation d\u2019une aide de la CAF ou d\u2019autres allocations publiques pour les animaux.<\/p><p>\u00c0 partir de cette confusion, une rumeur a commenc\u00e9 \u00e0 circuler, avan\u00e7ant qu\u2019une aide financi\u00e8re de la CAF pourrait \u00eatre envisag\u00e9e pour soutenir les foyers dans les d\u00e9penses li\u00e9es \u00e0 leurs animaux de compagnie. Le montant fictif de 230 \u20ac par animal est souvent cit\u00e9, sans aucune base r\u00e9elle.<\/p>\t\t\t\t\t\t\t\t<\/div>\n\t\t\t\t<\/div>\n\t\t<div class=\"elementor-element elementor-element-81049d1 e-con-full elementor-hidden-desktop e-flex e-con e-parent\" data-id=\"81049d1\" data-element_type=\"container\" data-e-type=\"container\">\r\n\t\t\t\t<div class=\"elementor-element elementor-element-54492d5 elementor-widget elementor-widget-shortcode\" data-id=\"54492d5\" data-element_type=\"widget\" data-e-type=\"widget\" data-widget_type=\"shortcode.default\">\n\t\t\t\t<div class=\"elementor-widget-container\">\n\t\t\t\t\t\t\t<div class=\"elementor-shortcode\"><p >Aucun produit trouv\u00e9.<\/p>\n<\/div>\n\t\t\t\t\t\t<\/div>\n\t\t\t\t<\/div>\n\t\t\t\t<\/div>\n\t\t\t\t\t<\/div>\r\n\t\t\t\t<\/div>\r\n\t\t\t\t\t<\/div>\r\n\t\t\t\t<\/section>\r\n\t\t<div class=\"elementor-element elementor-element-b1a3e97 e-flex e-con-boxed e-con e-parent\" data-id=\"b1a3e97\" data-element_type=\"container\" data-e-type=\"container\">\r\n\t\t\t\t\t<div class=\"e-con-inner\">\r\n\t\t<div class=\"elementor-element elementor-element-bde1b1c e-con-full e-flex e-con e-child\" data-id=\"bde1b1c\" data-element_type=\"container\" data-e-type=\"container\">\r\n\t\t\t\t<div class=\"elementor-element elementor-element-e2566bd elementor-widget elementor-widget-heading\" data-id=\"e2566bd\" data-element_type=\"widget\" data-e-type=\"widget\" data-widget_type=\"heading.default\">\n\t\t\t\t<div class=\"elementor-widget-container\">\n\t\t\t\t\t<h2 class=\"elementor-heading-title elementor-size-default\">La r\u00e9alit\u00e9 : aucune aide de la CAF pour les animaux n\u2019est pr\u00e9vue<\/h2>\t\t\t\t<\/div>\n\t\t\t\t<\/div>\n\t\t\t\t<div class=\"elementor-element elementor-element-7f67e84 elementor-widget elementor-widget-text-editor\" data-id=\"7f67e84\" data-element_type=\"widget\" data-e-type=\"widget\" data-widget_type=\"text-editor.default\">\n\t\t\t\t<div class=\"elementor-widget-container\">\n\t\t\t\t\t\t\t\t\t<p>Malgr\u00e9 les informations relay\u00e9es par certaines pages et blogs, <strong>aucun dispositif de la CAF ne pr\u00e9voit d\u2019aide financi\u00e8re pour les animaux de compagnie<\/strong>. La mission de la CAF est de soutenir les familles dans leurs d\u00e9penses essentielles (logement, alimentation, garde d\u2019enfants, etc.), mais elle ne couvre pas les frais li\u00e9s aux animaux domestiques. \u00c0 ce jour, aucune annonce officielle, ni aucun projet de loi, ne laisse entendre qu\u2019une telle aide pourrait \u00eatre mise en place.<\/p><p>Les responsables de la CAF contact\u00e9s dans diverses antennes locales n\u2019ont re\u00e7u aucune directive ou information \u00e0 ce sujet. Il est donc important de souligner que cette aide n\u2019existe pas, et qu\u2019il n\u2019y a pas de projets officiels pour la cr\u00e9er.<\/p>\t\t\t\t\t\t\t\t<\/div>\n\t\t\t\t<\/div>\n\t\t\t\t<div class=\"elementor-element elementor-element-aea99e6 elementor-widget elementor-widget-image\" data-id=\"aea99e6\" data-element_type=\"widget\" data-e-type=\"widget\" data-widget_type=\"image.default\">\n\t\t\t\t<div class=\"elementor-widget-container\">\n\t\t\t\t\t\t\t\t\t\t\t\t\t\t\t<img fetchpriority=\"high\" decoding=\"async\" width=\"1024\" height=\"683\" src=\"https:\/\/arboricat.com\/wp-content\/uploads\/2024\/07\/little-plant-yuSpE2U-itk-unsplash-1024x683.jpg\" class=\"attachment-large size-large wp-image-39381\" alt=\"Chaton gris pos\u00e9 dans un coussin design en velours, pour aide de la CAF\" srcset=\"https:\/\/arboricat.com\/wp-content\/uploads\/2024\/07\/little-plant-yuSpE2U-itk-unsplash-1024x683.jpg 1024w, https:\/\/arboricat.com\/wp-content\/uploads\/2024\/07\/little-plant-yuSpE2U-itk-unsplash-768x512.jpg 768w, https:\/\/arboricat.com\/wp-content\/uploads\/2024\/07\/little-plant-yuSpE2U-itk-unsplash-640x427.jpg 640w, https:\/\/arboricat.com\/wp-content\/uploads\/2024\/07\/little-plant-yuSpE2U-itk-unsplash-400x267.jpg 400w, https:\/\/arboricat.com\/wp-content\/uploads\/2024\/07\/little-plant-yuSpE2U-itk-unsplash-600x400.jpg 600w\" sizes=\"(max-width: 1024px) 100vw, 1024px\" \/>\t\t\t\t\t\t\t\t\t\t\t\t\t\t\t<\/div>\n\t\t\t\t<\/div>\n\t\t\t\t<div class=\"elementor-element elementor-element-619f196 elementor-widget elementor-widget-heading\" data-id=\"619f196\" data-element_type=\"widget\" data-e-type=\"widget\" data-widget_type=\"heading.default\">\n\t\t\t\t<div class=\"elementor-widget-container\">\n\t\t\t\t\t<h3 class=\"elementor-heading-title elementor-size-default\">Pourquoi cette information est une intox ?\n\n\n<\/h3>\t\t\t\t<\/div>\n\t\t\t\t<\/div>\n\t\t\t\t<div class=\"elementor-element elementor-element-f053f67 elementor-widget elementor-widget-text-editor\" data-id=\"f053f67\" data-element_type=\"widget\" data-e-type=\"widget\" data-widget_type=\"text-editor.default\">\n\t\t\t\t<div class=\"elementor-widget-container\">\n\t\t\t\t\t\t\t\t\t<p>La fausse information avance plusieurs d\u00e9tails fictifs, comme des conditions d\u2019\u00e9ligibilit\u00e9 et des contr\u00f4les, pour lui donner une apparence de cr\u00e9dibilit\u00e9. En r\u00e9alit\u00e9, il s\u2019agit d\u2019une intox souvent partag\u00e9e pour attirer l\u2019attention ou susciter le d\u00e9bat. Voici quelques points qui montrent bien que cette aide est une rumeur :<\/p><ol><li><strong>Pas de source officielle<\/strong> : Ni la CAF, ni un quelconque minist\u00e8re n\u2019ont communiqu\u00e9 d\u2019informations en faveur d\u2019une aide financi\u00e8re pour les animaux.<\/li><li><strong>Pas de cadre juridique<\/strong> : Aucune loi en vigueur ne permettrait actuellement \u00e0 la CAF de financer des d\u00e9penses pour des animaux domestiques.<\/li><li><strong>Objectifs diff\u00e9rents de la CAF<\/strong> : La CAF est un organisme centr\u00e9 sur les aides aux familles humaines, non aux animaux de compagnie. Ses ressources et ses subventions sont destin\u00e9es \u00e0 couvrir les d\u00e9penses essentielles des foyers humains.<\/li><\/ol>\t\t\t\t\t\t\t\t<\/div>\n\t\t\t\t<\/div>\n\t\t<div class=\"elementor-element elementor-element-29bc797 e-con-full elementor-hidden-desktop e-flex e-con e-child\" data-id=\"29bc797\" data-element_type=\"container\" data-e-type=\"container\">\r\n\t\t\t\t<div class=\"elementor-element elementor-element-028be6c elementor-widget elementor-widget-shortcode\" data-id=\"028be6c\" data-element_type=\"widget\" data-e-type=\"widget\" data-widget_type=\"shortcode.default\">\n\t\t\t\t<div class=\"elementor-widget-container\">\n\t\t\t\t\t\t\t<div class=\"elementor-shortcode\"><p >Aucun produit trouv\u00e9.<\/p>\n<\/div>\n\t\t\t\t\t\t<\/div>\n\t\t\t\t<\/div>\n\t\t\t\t<\/div>\n\t\t\t\t<div class=\"elementor-element elementor-element-e6d5587 elementor-widget elementor-widget-heading\" data-id=\"e6d5587\" data-element_type=\"widget\" data-e-type=\"widget\" data-widget_type=\"heading.default\">\n\t\t\t\t<div class=\"elementor-widget-container\">\n\t\t\t\t\t<h3 class=\"elementor-heading-title elementor-size-default\">Pourquoi cette id\u00e9e semble s\u00e9duisante ?\n\n\n<\/h3>\t\t\t\t<\/div>\n\t\t\t\t<\/div>\n\t\t\t\t<div class=\"elementor-element elementor-element-e593a85 elementor-widget elementor-widget-text-editor\" data-id=\"e593a85\" data-element_type=\"widget\" data-e-type=\"widget\" data-widget_type=\"text-editor.default\">\n\t\t\t\t<div class=\"elementor-widget-container\">\n\t\t\t\t\t\t\t\t\t<p>L\u2019id\u00e9e d\u2019une aide pour les animaux est populaire car elle r\u00e9pond \u00e0 des pr\u00e9occupations r\u00e9elles. Les propri\u00e9taires d\u2019animaux d\u00e9pensent souvent des sommes importantes pour le bien-\u00eatre de leurs compagnons (soins v\u00e9t\u00e9rinaires, alimentation de qualit\u00e9, accessoires, etc.). Malheureusement, les charges \u00e9lev\u00e9es peuvent \u00eatre un frein pour certaines familles.<\/p><p>Cette rumeur joue sur l\u2019attrait d\u2019un soutien financier qui faciliterait la vie des propri\u00e9taires d\u2019animaux. Cependant, il est important de rappeler qu\u2019aucun organisme officiel en France n\u2019a pr\u00e9vu ce type de mesure, et il est peu probable qu\u2019une aide publique pour les animaux de compagnie soit instaur\u00e9e \u00e0 court terme.<\/p>\t\t\t\t\t\t\t\t<\/div>\n\t\t\t\t<\/div>\n\t\t\t\t<div class=\"elementor-element elementor-element-c09f7d8 elementor-widget elementor-widget-heading\" data-id=\"c09f7d8\" data-element_type=\"widget\" data-e-type=\"widget\" data-widget_type=\"heading.default\">\n\t\t\t\t<div class=\"elementor-widget-container\">\n\t\t\t\t\t<h2 class=\"elementor-heading-title elementor-size-default\">Conclusion : \u00e0 ne pas croire !\n\n<\/h2>\t\t\t\t<\/div>\n\t\t\t\t<\/div>\n\t\t\t\t<div class=\"elementor-element elementor-element-bf0fd33 elementor-widget elementor-widget-text-editor\" data-id=\"bf0fd33\" data-element_type=\"widget\" data-e-type=\"widget\" data-widget_type=\"text-editor.default\">\n\t\t\t\t<div class=\"elementor-widget-container\">\n\t\t\t\t\t\t\t\t\t<p>Bien que l\u2019id\u00e9e d\u2019une aide pour le bien-\u00eatre des animaux pourrait sembler int\u00e9ressante, elle reste une pure intox pour l\u2019instant. Rappelons que la CAF n\u2019a pas de vocation \u00e0 financer l\u2019entretien des animaux, ce qui limite s\u00e9rieusement la probabilit\u00e9 qu\u2019une telle mesure voie le jour. Soyez donc prudent face \u00e0 cette rumeur, et consultez des sources officielles pour vous informer.<\/p>\t\t\t\t\t\t\t\t<\/div>\n\t\t\t\t<\/div>\n\t\t\t\t<\/div>\n\t\t\t\t\t<\/div>\n\t\t\t\t<\/div>\n\t\t\t\t<\/div>\n\t\t","protected":false},"excerpt":{"rendered":"<p>Aide de la CAF pour les animaux : info ou intox ? Les animaux de compagnie occupent une place de plus en plus importante dans nos foyers, si bien qu\u2019ils sont souvent consid\u00e9r\u00e9s comme des membres \u00e0 part enti\u00e8re de la famille. Dans ce contexte, des rumeurs circulent r\u00e9guli\u00e8rement concernant des aides financi\u00e8res pour soutenir [&hellip;]<\/p>\n","protected":false},"author":1,"featured_media":37744,"comment_status":"open","ping_status":"open","sticky":false,"template":"elementor_header_footer","format":"standard","meta":{"footnotes":""},"categories":[47],"tags":[328],"class_list":["post-37739","post","type-post","status-publish","format-standard","has-post-thumbnail","hentry","category-vie-de-chat","tag-aide"],"featured_image_src":{"landsacpe":["https:\/\/arboricat.com\/wp-content\/uploads\/2023\/10\/Aides-caf-animaux-1140x445.jpg",1140,445,true],"list":["https:\/\/arboricat.com\/wp-content\/uploads\/2023\/10\/Aides-caf-animaux-463x348.jpg",463,348,true],"medium":["https:\/\/arboricat.com\/wp-content\/uploads\/2023\/10\/Aides-caf-animaux-300x190.jpg",300,190,true],"full":["https:\/\/arboricat.com\/wp-content\/uploads\/2023\/10\/Aides-caf-animaux.jpg",1764,1120,false]},"yoast_head":"<!-- This site is optimized with the Yoast SEO plugin v27.4 - https:\/\/yoast.com\/product\/yoast-seo-wordpress\/ -->\n<title>Aide de la CAF pour animaux en 2024 : info ou intox ? - Arboricat<\/title>\n<meta name=\"description\" content=\"Aide de la CAF pour animaux 2024 : mythe ou r\u00e9alit\u00e9 ? D\u00e9couvrez si cette allocation jusqu&#039;\u00e0 230 \u20ac par animal, sera r\u00e9ellement mise en place.\" \/>\n<meta name=\"robots\" content=\"index, follow, max-snippet:-1, max-image-preview:large, max-video-preview:-1\" \/>\n<link rel=\"canonical\" href=\"https:\/\/arboricat.com\/fr\/aide-de-la-caf-pour-les-animaux\/\" \/>\n<meta property=\"og:locale\" content=\"fr_FR\" \/>\n<meta property=\"og:type\" content=\"article\" \/>\n<meta property=\"og:title\" content=\"Aide de la CAF pour animaux en 2024 : info ou intox ? - Arboricat\" \/>\n<meta property=\"og:description\" content=\"Aide de la CAF pour animaux 2024 : mythe ou r\u00e9alit\u00e9 ? D\u00e9couvrez si cette allocation jusqu&#039;\u00e0 230 \u20ac par animal, sera r\u00e9ellement mise en place.\" \/>\n<meta property=\"og:url\" content=\"https:\/\/arboricat.com\/fr\/aide-de-la-caf-pour-les-animaux\/\" \/>\n<meta property=\"og:site_name\" content=\"Arboricat\" \/>\n<meta property=\"article:publisher\" content=\"https:\/\/www.facebook.com\/arboricat\" \/>\n<meta property=\"article:published_time\" content=\"2024-07-19T07:56:58+00:00\" \/>\n<meta property=\"article:modified_time\" content=\"2025-08-07T07:49:38+00:00\" \/>\n<meta property=\"og:image\" content=\"https:\/\/arboricat.com\/wp-content\/uploads\/2023\/10\/Aides-caf-animaux.jpg\" \/>\n\t<meta property=\"og:image:width\" content=\"1764\" \/>\n\t<meta property=\"og:image:height\" content=\"1120\" \/>\n\t<meta property=\"og:image:type\" content=\"image\/jpeg\" \/>\n<meta name=\"author\" content=\"arboricat\" \/>\n<meta name=\"twitter:card\" content=\"summary_large_image\" \/>\n<meta name=\"twitter:label1\" content=\"\u00c9crit par\" \/>\n\t<meta name=\"twitter:data1\" content=\"arboricat\" \/>\n\t<meta name=\"twitter:label2\" content=\"Dur\u00e9e de lecture estim\u00e9e\" \/>\n\t<meta name=\"twitter:data2\" content=\"4 minutes\" \/>\n<script type=\"application\/ld+json\" class=\"yoast-schema-graph\">{\"@context\":\"https:\\\/\\\/schema.org\",\"@graph\":[{\"@type\":\"Article\",\"@id\":\"https:\\\/\\\/arboricat.com\\\/fr\\\/aide-de-la-caf-pour-les-animaux\\\/#article\",\"isPartOf\":{\"@id\":\"https:\\\/\\\/arboricat.com\\\/fr\\\/aide-de-la-caf-pour-les-animaux\\\/\"},\"author\":{\"name\":\"arboricat\",\"@id\":\"https:\\\/\\\/arboricat.com\\\/fr\\\/#\\\/schema\\\/person\\\/3da659f513bf2c64e941b7084d322e0d\"},\"headline\":\"Aide de la CAF pour les animaux : info ou intox ?\",\"datePublished\":\"2024-07-19T07:56:58+00:00\",\"dateModified\":\"2025-08-07T07:49:38+00:00\",\"mainEntityOfPage\":{\"@id\":\"https:\\\/\\\/arboricat.com\\\/fr\\\/aide-de-la-caf-pour-les-animaux\\\/\"},\"wordCount\":761,\"commentCount\":0,\"publisher\":{\"@id\":\"https:\\\/\\\/arboricat.com\\\/fr\\\/#organization\"},\"image\":{\"@id\":\"https:\\\/\\\/arboricat.com\\\/fr\\\/aide-de-la-caf-pour-les-animaux\\\/#primaryimage\"},\"thumbnailUrl\":\"https:\\\/\\\/arboricat.com\\\/wp-content\\\/uploads\\\/2023\\\/10\\\/Aides-caf-animaux.jpg\",\"keywords\":[\"aide\"],\"articleSection\":[\"VIE DE CHAT\"],\"inLanguage\":\"fr-FR\",\"potentialAction\":[{\"@type\":\"CommentAction\",\"name\":\"Comment\",\"target\":[\"https:\\\/\\\/arboricat.com\\\/fr\\\/aide-de-la-caf-pour-les-animaux\\\/#respond\"]}]},{\"@type\":\"WebPage\",\"@id\":\"https:\\\/\\\/arboricat.com\\\/fr\\\/aide-de-la-caf-pour-les-animaux\\\/\",\"url\":\"https:\\\/\\\/arboricat.com\\\/fr\\\/aide-de-la-caf-pour-les-animaux\\\/\",\"name\":\"Aide de la CAF pour animaux en 2024 : info ou intox ? - Arboricat\",\"isPartOf\":{\"@id\":\"https:\\\/\\\/arboricat.com\\\/fr\\\/#website\"},\"primaryImageOfPage\":{\"@id\":\"https:\\\/\\\/arboricat.com\\\/fr\\\/aide-de-la-caf-pour-les-animaux\\\/#primaryimage\"},\"image\":{\"@id\":\"https:\\\/\\\/arboricat.com\\\/fr\\\/aide-de-la-caf-pour-les-animaux\\\/#primaryimage\"},\"thumbnailUrl\":\"https:\\\/\\\/arboricat.com\\\/wp-content\\\/uploads\\\/2023\\\/10\\\/Aides-caf-animaux.jpg\",\"datePublished\":\"2024-07-19T07:56:58+00:00\",\"dateModified\":\"2025-08-07T07:49:38+00:00\",\"description\":\"Aide de la CAF pour animaux 2024 : mythe ou r\u00e9alit\u00e9 ? D\u00e9couvrez si cette allocation jusqu'\u00e0 230 \u20ac par animal, sera r\u00e9ellement mise en place.\",\"breadcrumb\":{\"@id\":\"https:\\\/\\\/arboricat.com\\\/fr\\\/aide-de-la-caf-pour-les-animaux\\\/#breadcrumb\"},\"inLanguage\":\"fr-FR\",\"potentialAction\":[{\"@type\":\"ReadAction\",\"target\":[\"https:\\\/\\\/arboricat.com\\\/fr\\\/aide-de-la-caf-pour-les-animaux\\\/\"]}]},{\"@type\":\"ImageObject\",\"inLanguage\":\"fr-FR\",\"@id\":\"https:\\\/\\\/arboricat.com\\\/fr\\\/aide-de-la-caf-pour-les-animaux\\\/#primaryimage\",\"url\":\"https:\\\/\\\/arboricat.com\\\/wp-content\\\/uploads\\\/2023\\\/10\\\/Aides-caf-animaux.jpg\",\"contentUrl\":\"https:\\\/\\\/arboricat.com\\\/wp-content\\\/uploads\\\/2023\\\/10\\\/Aides-caf-animaux.jpg\",\"width\":1764,\"height\":1120},{\"@type\":\"BreadcrumbList\",\"@id\":\"https:\\\/\\\/arboricat.com\\\/fr\\\/aide-de-la-caf-pour-les-animaux\\\/#breadcrumb\",\"itemListElement\":[{\"@type\":\"ListItem\",\"position\":1,\"name\":\"Accueil\",\"item\":\"https:\\\/\\\/arboricat.com\\\/fr\\\/\"},{\"@type\":\"ListItem\",\"position\":2,\"name\":\"Aide de la CAF pour les animaux : info ou intox ?\"}]},{\"@type\":\"WebSite\",\"@id\":\"https:\\\/\\\/arboricat.com\\\/fr\\\/#website\",\"url\":\"https:\\\/\\\/arboricat.com\\\/fr\\\/\",\"name\":\"Arboricat\",\"description\":\"\",\"publisher\":{\"@id\":\"https:\\\/\\\/arboricat.com\\\/fr\\\/#organization\"},\"potentialAction\":[{\"@type\":\"SearchAction\",\"target\":{\"@type\":\"EntryPoint\",\"urlTemplate\":\"https:\\\/\\\/arboricat.com\\\/fr\\\/?s={search_term_string}\"},\"query-input\":{\"@type\":\"PropertyValueSpecification\",\"valueRequired\":true,\"valueName\":\"search_term_string\"}}],\"inLanguage\":\"fr-FR\"},{\"@type\":\"Organization\",\"@id\":\"https:\\\/\\\/arboricat.com\\\/fr\\\/#organization\",\"name\":\"Arboricat\",\"url\":\"https:\\\/\\\/arboricat.com\\\/fr\\\/\",\"logo\":{\"@type\":\"ImageObject\",\"inLanguage\":\"fr-FR\",\"@id\":\"https:\\\/\\\/arboricat.com\\\/fr\\\/#\\\/schema\\\/logo\\\/image\\\/\",\"url\":\"https:\\\/\\\/arboricat.com\\\/wp-content\\\/uploads\\\/2024\\\/07\\\/logo_696x696.png\",\"contentUrl\":\"https:\\\/\\\/arboricat.com\\\/wp-content\\\/uploads\\\/2024\\\/07\\\/logo_696x696.png\",\"width\":697,\"height\":697,\"caption\":\"Arboricat\"},\"image\":{\"@id\":\"https:\\\/\\\/arboricat.com\\\/fr\\\/#\\\/schema\\\/logo\\\/image\\\/\"},\"sameAs\":[\"https:\\\/\\\/www.facebook.com\\\/arboricat\",\"https:\\\/\\\/www.instagram.com\\\/arboricatdesign\\\/?hl=fra\"]},{\"@type\":\"Person\",\"@id\":\"https:\\\/\\\/arboricat.com\\\/fr\\\/#\\\/schema\\\/person\\\/3da659f513bf2c64e941b7084d322e0d\",\"name\":\"arboricat\",\"image\":{\"@type\":\"ImageObject\",\"inLanguage\":\"fr-FR\",\"@id\":\"https:\\\/\\\/secure.gravatar.com\\\/avatar\\\/5c40b2ac5829643c8dc52b8ea23e7367b63b164c9ed253e51c4bb2798061986a?s=96&d=mm&r=g\",\"url\":\"https:\\\/\\\/secure.gravatar.com\\\/avatar\\\/5c40b2ac5829643c8dc52b8ea23e7367b63b164c9ed253e51c4bb2798061986a?s=96&d=mm&r=g\",\"contentUrl\":\"https:\\\/\\\/secure.gravatar.com\\\/avatar\\\/5c40b2ac5829643c8dc52b8ea23e7367b63b164c9ed253e51c4bb2798061986a?s=96&d=mm&r=g\",\"caption\":\"arboricat\"}}]}<\/script>\n<!-- \/ Yoast SEO plugin. -->","yoast_head_json":{"title":"Aide de la CAF pour animaux en 2024 : info ou intox ? - Arboricat","description":"Aide de la CAF pour animaux 2024 : mythe ou r\u00e9alit\u00e9 ? D\u00e9couvrez si cette allocation jusqu'\u00e0 230 \u20ac par animal, sera r\u00e9ellement mise en place.","robots":{"index":"index","follow":"follow","max-snippet":"max-snippet:-1","max-image-preview":"max-image-preview:large","max-video-preview":"max-video-preview:-1"},"canonical":"https:\/\/arboricat.com\/fr\/aide-de-la-caf-pour-les-animaux\/","og_locale":"fr_FR","og_type":"article","og_title":"Aide de la CAF pour animaux en 2024 : info ou intox ? - Arboricat","og_description":"Aide de la CAF pour animaux 2024 : mythe ou r\u00e9alit\u00e9 ? D\u00e9couvrez si cette allocation jusqu'\u00e0 230 \u20ac par animal, sera r\u00e9ellement mise en place.","og_url":"https:\/\/arboricat.com\/fr\/aide-de-la-caf-pour-les-animaux\/","og_site_name":"Arboricat","article_publisher":"https:\/\/www.facebook.com\/arboricat","article_published_time":"2024-07-19T07:56:58+00:00","article_modified_time":"2025-08-07T07:49:38+00:00","og_image":[{"width":1764,"height":1120,"url":"https:\/\/arboricat.com\/wp-content\/uploads\/2023\/10\/Aides-caf-animaux.jpg","type":"image\/jpeg"}],"author":"arboricat","twitter_card":"summary_large_image","twitter_misc":{"\u00c9crit par":"arboricat","Dur\u00e9e de lecture estim\u00e9e":"4 minutes"},"schema":{"@context":"https:\/\/schema.org","@graph":[{"@type":"Article","@id":"https:\/\/arboricat.com\/fr\/aide-de-la-caf-pour-les-animaux\/#article","isPartOf":{"@id":"https:\/\/arboricat.com\/fr\/aide-de-la-caf-pour-les-animaux\/"},"author":{"name":"arboricat","@id":"https:\/\/arboricat.com\/fr\/#\/schema\/person\/3da659f513bf2c64e941b7084d322e0d"},"headline":"Aide de la CAF pour les animaux : info ou intox ?","datePublished":"2024-07-19T07:56:58+00:00","dateModified":"2025-08-07T07:49:38+00:00","mainEntityOfPage":{"@id":"https:\/\/arboricat.com\/fr\/aide-de-la-caf-pour-les-animaux\/"},"wordCount":761,"commentCount":0,"publisher":{"@id":"https:\/\/arboricat.com\/fr\/#organization"},"image":{"@id":"https:\/\/arboricat.com\/fr\/aide-de-la-caf-pour-les-animaux\/#primaryimage"},"thumbnailUrl":"https:\/\/arboricat.com\/wp-content\/uploads\/2023\/10\/Aides-caf-animaux.jpg","keywords":["aide"],"articleSection":["VIE DE CHAT"],"inLanguage":"fr-FR","potentialAction":[{"@type":"CommentAction","name":"Comment","target":["https:\/\/arboricat.com\/fr\/aide-de-la-caf-pour-les-animaux\/#respond"]}]},{"@type":"WebPage","@id":"https:\/\/arboricat.com\/fr\/aide-de-la-caf-pour-les-animaux\/","url":"https:\/\/arboricat.com\/fr\/aide-de-la-caf-pour-les-animaux\/","name":"Aide de la CAF pour animaux en 2024 : info ou intox ? - Arboricat","isPartOf":{"@id":"https:\/\/arboricat.com\/fr\/#website"},"primaryImageOfPage":{"@id":"https:\/\/arboricat.com\/fr\/aide-de-la-caf-pour-les-animaux\/#primaryimage"},"image":{"@id":"https:\/\/arboricat.com\/fr\/aide-de-la-caf-pour-les-animaux\/#primaryimage"},"thumbnailUrl":"https:\/\/arboricat.com\/wp-content\/uploads\/2023\/10\/Aides-caf-animaux.jpg","datePublished":"2024-07-19T07:56:58+00:00","dateModified":"2025-08-07T07:49:38+00:00","description":"Aide de la CAF pour animaux 2024 : mythe ou r\u00e9alit\u00e9 ? D\u00e9couvrez si cette allocation jusqu'\u00e0 230 \u20ac par animal, sera r\u00e9ellement mise en place.","breadcrumb":{"@id":"https:\/\/arboricat.com\/fr\/aide-de-la-caf-pour-les-animaux\/#breadcrumb"},"inLanguage":"fr-FR","potentialAction":[{"@type":"ReadAction","target":["https:\/\/arboricat.com\/fr\/aide-de-la-caf-pour-les-animaux\/"]}]},{"@type":"ImageObject","inLanguage":"fr-FR","@id":"https:\/\/arboricat.com\/fr\/aide-de-la-caf-pour-les-animaux\/#primaryimage","url":"https:\/\/arboricat.com\/wp-content\/uploads\/2023\/10\/Aides-caf-animaux.jpg","contentUrl":"https:\/\/arboricat.com\/wp-content\/uploads\/2023\/10\/Aides-caf-animaux.jpg","width":1764,"height":1120},{"@type":"BreadcrumbList","@id":"https:\/\/arboricat.com\/fr\/aide-de-la-caf-pour-les-animaux\/#breadcrumb","itemListElement":[{"@type":"ListItem","position":1,"name":"Accueil","item":"https:\/\/arboricat.com\/fr\/"},{"@type":"ListItem","position":2,"name":"Aide de la CAF pour les animaux : info ou intox ?"}]},{"@type":"WebSite","@id":"https:\/\/arboricat.com\/fr\/#website","url":"https:\/\/arboricat.com\/fr\/","name":"Arboricat","description":"","publisher":{"@id":"https:\/\/arboricat.com\/fr\/#organization"},"potentialAction":[{"@type":"SearchAction","target":{"@type":"EntryPoint","urlTemplate":"https:\/\/arboricat.com\/fr\/?s={search_term_string}"},"query-input":{"@type":"PropertyValueSpecification","valueRequired":true,"valueName":"search_term_string"}}],"inLanguage":"fr-FR"},{"@type":"Organization","@id":"https:\/\/arboricat.com\/fr\/#organization","name":"Arboricat","url":"https:\/\/arboricat.com\/fr\/","logo":{"@type":"ImageObject","inLanguage":"fr-FR","@id":"https:\/\/arboricat.com\/fr\/#\/schema\/logo\/image\/","url":"https:\/\/arboricat.com\/wp-content\/uploads\/2024\/07\/logo_696x696.png","contentUrl":"https:\/\/arboricat.com\/wp-content\/uploads\/2024\/07\/logo_696x696.png","width":697,"height":697,"caption":"Arboricat"},"image":{"@id":"https:\/\/arboricat.com\/fr\/#\/schema\/logo\/image\/"},"sameAs":["https:\/\/www.facebook.com\/arboricat","https:\/\/www.instagram.com\/arboricatdesign\/?hl=fra"]},{"@type":"Person","@id":"https:\/\/arboricat.com\/fr\/#\/schema\/person\/3da659f513bf2c64e941b7084d322e0d","name":"arboricat","image":{"@type":"ImageObject","inLanguage":"fr-FR","@id":"https:\/\/secure.gravatar.com\/avatar\/5c40b2ac5829643c8dc52b8ea23e7367b63b164c9ed253e51c4bb2798061986a?s=96&d=mm&r=g","url":"https:\/\/secure.gravatar.com\/avatar\/5c40b2ac5829643c8dc52b8ea23e7367b63b164c9ed253e51c4bb2798061986a?s=96&d=mm&r=g","contentUrl":"https:\/\/secure.gravatar.com\/avatar\/5c40b2ac5829643c8dc52b8ea23e7367b63b164c9ed253e51c4bb2798061986a?s=96&d=mm&r=g","caption":"arboricat"}}]}},"_links":{"self":[{"href":"https:\/\/arboricat.com\/fr\/wp-json\/wp\/v2\/posts\/37739","targetHints":{"allow":["GET"]}}],"collection":[{"href":"https:\/\/arboricat.com\/fr\/wp-json\/wp\/v2\/posts"}],"about":[{"href":"https:\/\/arboricat.com\/fr\/wp-json\/wp\/v2\/types\/post"}],"author":[{"embeddable":true,"href":"https:\/\/arboricat.com\/fr\/wp-json\/wp\/v2\/users\/1"}],"replies":[{"embeddable":true,"href":"https:\/\/arboricat.com\/fr\/wp-json\/wp\/v2\/comments?post=37739"}],"version-history":[{"count":33,"href":"https:\/\/arboricat.com\/fr\/wp-json\/wp\/v2\/posts\/37739\/revisions"}],"predecessor-version":[{"id":41113,"href":"https:\/\/arboricat.com\/fr\/wp-json\/wp\/v2\/posts\/37739\/revisions\/41113"}],"wp:featuredmedia":[{"embeddable":true,"href":"https:\/\/arboricat.com\/fr\/wp-json\/wp\/v2\/media\/37744"}],"wp:attachment":[{"href":"https:\/\/arboricat.com\/fr\/wp-json\/wp\/v2\/media?parent=37739"}],"wp:term":[{"taxonomy":"category","embeddable":true,"href":"https:\/\/arboricat.com\/fr\/wp-json\/wp\/v2\/categories?post=37739"},{"taxonomy":"post_tag","embeddable":true,"href":"https:\/\/arboricat.com\/fr\/wp-json\/wp\/v2\/tags?post=37739"}],"curies":[{"name":"wp","href":"https:\/\/api.w.org\/{rel}","templated":true}]}}